{"id":191,"date":"2025-09-03T21:00:00","date_gmt":"2025-09-03T21:00:00","guid":{"rendered":"https:\/\/www.gestionintegralurbanasc.es\/administrador-de-fincas-zaragoza\/?p=191"},"modified":"2025-10-27T12:30:31","modified_gmt":"2025-10-27T12:30:31","slug":"instalacion-de-cargadores-para-coche-electrico-en-comunidades-guia-practica-en-zaragoza","status":"publish","type":"post","link":"https:\/\/www.gestionintegralurbanasc.es\/administrador-de-fincas-zaragoza\/instalacion-de-cargadores-para-coche-electrico-en-comunidades-guia-practica-en-zaragoza\/","title":{"rendered":"Instalaci\u00f3n de cargadores para coche el\u00e9ctrico en comunidades: gu\u00eda pr\u00e1ctica en Zaragoza"},"content":{"rendered":"\n<h2>El auge del veh\u00edculo el\u00e9ctrico llega a tu garaje<\/h2>\n\n\n\n<p>Cada vez m\u00e1s vecinos preguntan c\u00f3mo instalar un punto de recarga en su plaza. La buena noticia es que, en la mayor\u00eda de casos, el proceso es sencillo si se planifica bien y se comunica correctamente a la comunidad.<\/p>\n\n\n\n<h2>Pasos recomendados<\/h2>\n\n\n\n<ol>\n<li><strong>Evaluaci\u00f3n t\u00e9cnica de la plaza y del garaje<\/strong>\n<ul>\n<li>Comprobar capacidad el\u00e9ctrica, trazado del cableado y ubicaci\u00f3n del contador.<\/li>\n\n\n\n<li>Valorar protecciones (magnetot\u00e9rmico, diferencial) y si conviene l\u00ednea directa desde contador individual.<\/li>\n<\/ul>\n<\/li>\n\n\n\n<li><strong>Comunicaci\u00f3n previa a la comunidad<\/strong><br>Aunque no suele requerir acuerdo formal, <strong>siempre<\/strong> conviene informar por escrito al presidente\/administraci\u00f3n con una memoria breve: plano del recorrido, potencia prevista, protecciones y empresa instaladora.<\/li>\n\n\n\n<li><strong>Elecci\u00f3n del sistema de medici\u00f3n<\/strong>\n<ul>\n<li><strong>Contador individual:<\/strong> lectura separada del consumo del vecino.<\/li>\n\n\n\n<li><strong>PLC\/red inteligente comunitaria:<\/strong> \u00fatil cuando hay varios puntos y se quiere <strong>balanceo de carga<\/strong> autom\u00e1tico.<\/li>\n<\/ul>\n<\/li>\n\n\n\n<li><strong>Seguridad y normativa t\u00e9cnica<\/strong><br>Exigir instalaci\u00f3n conforme al REBT (ITC-BT-52), protecciones adecuadas y certificado de instalaci\u00f3n. Solicita siempre bolet\u00edn.<\/li>\n\n\n\n<li><strong>Costes orientativos<\/strong>\n<ul>\n<li>Vivienda con contador propio cercano: coste contenido (tramo de cable corto).<\/li>\n\n\n\n<li>Trazados largos, canalizaciones o obra civil: presupuesto mayor.<br>Pide <strong>varios presupuestos<\/strong> y comp\u00e1ralos (materiales, metros de cable, protecciones y garant\u00eda).<\/li>\n<\/ul>\n<\/li>\n\n\n\n<li><strong>Plan para futuras ampliaciones<\/strong><br>Si ya hay varios interesados, valorad una <strong>preinstalaci\u00f3n comunitaria<\/strong> con canalizaciones y un sistema de gesti\u00f3n de cargas. Suele abaratar a medio plazo y evita \u201cobras salteadas\u201d.<\/li>\n<\/ol>\n\n\n\n<h2>Buenas pr\u00e1cticas para la comunidad<\/h2>\n\n\n\n<ul>\n<li><strong>Reglamento interno<\/strong>: normas de uso, reserva de potencia y seguridad.<\/li>\n\n\n\n<li><strong>Se\u00f1alizaci\u00f3n<\/strong> y ventilaci\u00f3n en zonas de recarga.<\/li>\n\n\n\n<li><strong>Mantenimiento anual<\/strong> por empresa habilitada.<\/li>\n<\/ul>\n\n\n\n<h2>Errores a evitar<\/h2>\n\n\n\n<ul>\n<li>Instalar sin memoria t\u00e9cnica ni certificado.<\/li>\n\n\n\n<li>No prever el crecimiento (segunda\/tercera instalaci\u00f3n) y saturar canalizaciones.<\/li>\n\n\n\n<li>No acordar c\u00f3mo se reparte la potencia disponible.<\/li>\n<\/ul>\n","protected":false},"excerpt":{"rendered":"<p>El auge del veh\u00edculo el\u00e9ctrico llega a tu garaje Cada vez m\u00e1s vecinos preguntan c\u00f3mo instalar un punto de recarga en su plaza. La buena noticia es que, en la mayor\u00eda de casos, el proceso es sencillo si se planifica bien y se comunica correctamente a la comunidad. Pasos recomendados Buenas pr\u00e1cticas para la comunidad [&hellip;]<\/p>\n","protected":false},"author":1,"featured_media":192,"comment_status":"open","ping_status":"open","sticky":false,"template":"","format":"standard","meta":[],"categories":[5],"tags":[],"yoast_head":"<!-- This site is optimized with the Yoast SEO plugin v19.13 - https:\/\/yoast.com\/wordpress\/plugins\/seo\/ -->\n<title>Instalaci\u00f3n de cargadores para coche el\u00e9ctrico en comunidades<\/title>\n<meta name=\"description\" content=\"\u00bfQuieres instalar un punto de recarga en tu garaje comunitario? Explicamos pasos, costes orientativos y permisos para tu comunidad\" \/>\n<meta name=\"robots\" content=\"index, follow, max-snippet:-1, max-image-preview:large, max-video-preview:-1\" \/>\n<link rel=\"canonical\" href=\"https:\/\/www.gestionintegralurbanasc.es\/administrador-de-fincas-zaragoza\/instalacion-de-cargadores-para-coche-electrico-en-comunidades-guia-practica-en-zaragoza\/\" \/>\n<meta property=\"og:locale\" content=\"es_ES\" \/>\n<meta property=\"og:type\" content=\"article\" \/>\n<meta property=\"og:title\" content=\"Instalaci\u00f3n de cargadores para coche el\u00e9ctrico en comunidades\" \/>\n<meta property=\"og:description\" content=\"\u00bfQuieres instalar un punto de recarga en tu garaje comunitario? Explicamos pasos, costes orientativos y permisos para tu comunidad\" \/>\n<meta property=\"og:url\" content=\"https:\/\/www.gestionintegralurbanasc.es\/administrador-de-fincas-zaragoza\/instalacion-de-cargadores-para-coche-electrico-en-comunidades-guia-practica-en-zaragoza\/\" \/>\n<meta property=\"og:site_name\" content=\"Administraci\u00f3n de Fincas y Comunidades de Vecinos Zaragoza\" \/>\n<meta property=\"article:published_time\" content=\"2025-09-03T21:00:00+00:00\" \/>\n<meta property=\"article:modified_time\" content=\"2025-10-27T12:30:31+00:00\" \/>\n<meta property=\"og:image\" content=\"https:\/\/www.gestionintegralurbanasc.es\/administrador-de-fincas-zaragoza\/wp-content\/uploads\/2025\/10\/2149146246.webp\" \/>\n\t<meta property=\"og:image:width\" content=\"2000\" \/>\n\t<meta property=\"og:image:height\" content=\"1333\" \/>\n\t<meta property=\"og:image:type\" content=\"image\/webp\" \/>\n<meta name=\"author\" content=\"Gesti\u00f3n Integral Urbana\" \/>\n<meta name=\"twitter:card\" content=\"summary_large_image\" \/>\n<meta name=\"twitter:label1\" content=\"Escrito por\" \/>\n\t<meta name=\"twitter:data1\" content=\"Gesti\u00f3n Integral Urbana\" \/>\n\t<meta name=\"twitter:label2\" content=\"Tiempo de lectura\" \/>\n\t<meta name=\"twitter:data2\" content=\"2 minutos\" \/>\n<script type=\"application\/ld+json\" class=\"yoast-schema-graph\">{\"@context\":\"https:\/\/schema.org\",\"@graph\":[{\"@type\":\"WebPage\",\"@id\":\"https:\/\/www.gestionintegralurbanasc.es\/administrador-de-fincas-zaragoza\/instalacion-de-cargadores-para-coche-electrico-en-comunidades-guia-practica-en-zaragoza\/\",\"url\":\"https:\/\/www.gestionintegralurbanasc.es\/administrador-de-fincas-zaragoza\/instalacion-de-cargadores-para-coche-electrico-en-comunidades-guia-practica-en-zaragoza\/\",\"name\":\"Instalaci\u00f3n de cargadores para coche el\u00e9ctrico en comunidades\",\"isPartOf\":{\"@id\":\"https:\/\/www.gestionintegralurbanasc.es\/administrador-de-fincas-zaragoza\/#website\"},\"datePublished\":\"2025-09-03T21:00:00+00:00\",\"dateModified\":\"2025-10-27T12:30:31+00:00\",\"author\":{\"@id\":\"https:\/\/www.gestionintegralurbanasc.es\/administrador-de-fincas-zaragoza\/#\/schema\/person\/3611c6bbe9f67107f9ccd4ac73bb1642\"},\"description\":\"\u00bfQuieres instalar un punto de recarga en tu garaje comunitario? Explicamos pasos, costes orientativos y permisos para tu comunidad\",\"breadcrumb\":{\"@id\":\"https:\/\/www.gestionintegralurbanasc.es\/administrador-de-fincas-zaragoza\/instalacion-de-cargadores-para-coche-electrico-en-comunidades-guia-practica-en-zaragoza\/#breadcrumb\"},\"inLanguage\":\"es\",\"potentialAction\":[{\"@type\":\"ReadAction\",\"target\":[\"https:\/\/www.gestionintegralurbanasc.es\/administrador-de-fincas-zaragoza\/instalacion-de-cargadores-para-coche-electrico-en-comunidades-guia-practica-en-zaragoza\/\"]}]},{\"@type\":\"BreadcrumbList\",\"@id\":\"https:\/\/www.gestionintegralurbanasc.es\/administrador-de-fincas-zaragoza\/instalacion-de-cargadores-para-coche-electrico-en-comunidades-guia-practica-en-zaragoza\/#breadcrumb\",\"itemListElement\":[{\"@type\":\"ListItem\",\"position\":1,\"name\":\"Portada\",\"item\":\"https:\/\/www.gestionintegralurbanasc.es\/administrador-de-fincas-zaragoza\/\"},{\"@type\":\"ListItem\",\"position\":2,\"name\":\"Instalaci\u00f3n de cargadores para coche el\u00e9ctrico en comunidades: gu\u00eda pr\u00e1ctica en Zaragoza\"}]},{\"@type\":\"WebSite\",\"@id\":\"https:\/\/www.gestionintegralurbanasc.es\/administrador-de-fincas-zaragoza\/#website\",\"url\":\"https:\/\/www.gestionintegralurbanasc.es\/administrador-de-fincas-zaragoza\/\",\"name\":\"Administraci\u00f3n de Fincas y Comunidades de Vecinos Zaragoza\",\"description\":\"Gesti\u00f3n Integral Urbana\",\"potentialAction\":[{\"@type\":\"SearchAction\",\"target\":{\"@type\":\"EntryPoint\",\"urlTemplate\":\"https:\/\/www.gestionintegralurbanasc.es\/administrador-de-fincas-zaragoza\/?s={search_term_string}\"},\"query-input\":\"required name=search_term_string\"}],\"inLanguage\":\"es\"},{\"@type\":\"Person\",\"@id\":\"https:\/\/www.gestionintegralurbanasc.es\/administrador-de-fincas-zaragoza\/#\/schema\/person\/3611c6bbe9f67107f9ccd4ac73bb1642\",\"name\":\"Gesti\u00f3n Integral Urbana\",\"image\":{\"@type\":\"ImageObject\",\"inLanguage\":\"es\",\"@id\":\"https:\/\/www.gestionintegralurbanasc.es\/administrador-de-fincas-zaragoza\/#\/schema\/person\/image\/\",\"url\":\"https:\/\/secure.gravatar.com\/avatar\/05edc7afcd3bf63fba62f0818cf72b15?s=96&d=mm&r=g\",\"contentUrl\":\"https:\/\/secure.gravatar.com\/avatar\/05edc7afcd3bf63fba62f0818cf72b15?s=96&d=mm&r=g\",\"caption\":\"Gesti\u00f3n Integral Urbana\"},\"url\":\"https:\/\/www.gestionintegralurbanasc.es\/administrador-de-fincas-zaragoza\/author\/admin_giun0t1\/\"}]}<\/script>\n<!-- \/ Yoast SEO plugin. -->","yoast_head_json":{"title":"Instalaci\u00f3n de cargadores para coche el\u00e9ctrico en comunidades","description":"\u00bfQuieres instalar un punto de recarga en tu garaje comunitario? Explicamos pasos, costes orientativos y permisos para tu comunidad","robots":{"index":"index","follow":"follow","max-snippet":"max-snippet:-1","max-image-preview":"max-image-preview:large","max-video-preview":"max-video-preview:-1"},"canonical":"https:\/\/www.gestionintegralurbanasc.es\/administrador-de-fincas-zaragoza\/instalacion-de-cargadores-para-coche-electrico-en-comunidades-guia-practica-en-zaragoza\/","og_locale":"es_ES","og_type":"article","og_title":"Instalaci\u00f3n de cargadores para coche el\u00e9ctrico en comunidades","og_description":"\u00bfQuieres instalar un punto de recarga en tu garaje comunitario? Explicamos pasos, costes orientativos y permisos para tu comunidad","og_url":"https:\/\/www.gestionintegralurbanasc.es\/administrador-de-fincas-zaragoza\/instalacion-de-cargadores-para-coche-electrico-en-comunidades-guia-practica-en-zaragoza\/","og_site_name":"Administraci\u00f3n de Fincas y Comunidades de Vecinos Zaragoza","article_published_time":"2025-09-03T21:00:00+00:00","article_modified_time":"2025-10-27T12:30:31+00:00","og_image":[{"width":2000,"height":1333,"url":"https:\/\/www.gestionintegralurbanasc.es\/administrador-de-fincas-zaragoza\/wp-content\/uploads\/2025\/10\/2149146246.webp","type":"image\/webp"}],"author":"Gesti\u00f3n Integral Urbana","twitter_card":"summary_large_image","twitter_misc":{"Escrito por":"Gesti\u00f3n Integral Urbana","Tiempo de lectura":"2 minutos"},"schema":{"@context":"https:\/\/schema.org","@graph":[{"@type":"WebPage","@id":"https:\/\/www.gestionintegralurbanasc.es\/administrador-de-fincas-zaragoza\/instalacion-de-cargadores-para-coche-electrico-en-comunidades-guia-practica-en-zaragoza\/","url":"https:\/\/www.gestionintegralurbanasc.es\/administrador-de-fincas-zaragoza\/instalacion-de-cargadores-para-coche-electrico-en-comunidades-guia-practica-en-zaragoza\/","name":"Instalaci\u00f3n de cargadores para coche el\u00e9ctrico en comunidades","isPartOf":{"@id":"https:\/\/www.gestionintegralurbanasc.es\/administrador-de-fincas-zaragoza\/#website"},"datePublished":"2025-09-03T21:00:00+00:00","dateModified":"2025-10-27T12:30:31+00:00","author":{"@id":"https:\/\/www.gestionintegralurbanasc.es\/administrador-de-fincas-zaragoza\/#\/schema\/person\/3611c6bbe9f67107f9ccd4ac73bb1642"},"description":"\u00bfQuieres instalar un punto de recarga en tu garaje comunitario? Explicamos pasos, costes orientativos y permisos para tu comunidad","breadcrumb":{"@id":"https:\/\/www.gestionintegralurbanasc.es\/administrador-de-fincas-zaragoza\/instalacion-de-cargadores-para-coche-electrico-en-comunidades-guia-practica-en-zaragoza\/#breadcrumb"},"inLanguage":"es","potentialAction":[{"@type":"ReadAction","target":["https:\/\/www.gestionintegralurbanasc.es\/administrador-de-fincas-zaragoza\/instalacion-de-cargadores-para-coche-electrico-en-comunidades-guia-practica-en-zaragoza\/"]}]},{"@type":"BreadcrumbList","@id":"https:\/\/www.gestionintegralurbanasc.es\/administrador-de-fincas-zaragoza\/instalacion-de-cargadores-para-coche-electrico-en-comunidades-guia-practica-en-zaragoza\/#breadcrumb","itemListElement":[{"@type":"ListItem","position":1,"name":"Portada","item":"https:\/\/www.gestionintegralurbanasc.es\/administrador-de-fincas-zaragoza\/"},{"@type":"ListItem","position":2,"name":"Instalaci\u00f3n de cargadores para coche el\u00e9ctrico en comunidades: gu\u00eda pr\u00e1ctica en Zaragoza"}]},{"@type":"WebSite","@id":"https:\/\/www.gestionintegralurbanasc.es\/administrador-de-fincas-zaragoza\/#website","url":"https:\/\/www.gestionintegralurbanasc.es\/administrador-de-fincas-zaragoza\/","name":"Administraci\u00f3n de Fincas y Comunidades de Vecinos Zaragoza","description":"Gesti\u00f3n Integral Urbana","potentialAction":[{"@type":"SearchAction","target":{"@type":"EntryPoint","urlTemplate":"https:\/\/www.gestionintegralurbanasc.es\/administrador-de-fincas-zaragoza\/?s={search_term_string}"},"query-input":"required name=search_term_string"}],"inLanguage":"es"},{"@type":"Person","@id":"https:\/\/www.gestionintegralurbanasc.es\/administrador-de-fincas-zaragoza\/#\/schema\/person\/3611c6bbe9f67107f9ccd4ac73bb1642","name":"Gesti\u00f3n Integral Urbana","image":{"@type":"ImageObject","inLanguage":"es","@id":"https:\/\/www.gestionintegralurbanasc.es\/administrador-de-fincas-zaragoza\/#\/schema\/person\/image\/","url":"https:\/\/secure.gravatar.com\/avatar\/05edc7afcd3bf63fba62f0818cf72b15?s=96&d=mm&r=g","contentUrl":"https:\/\/secure.gravatar.com\/avatar\/05edc7afcd3bf63fba62f0818cf72b15?s=96&d=mm&r=g","caption":"Gesti\u00f3n Integral Urbana"},"url":"https:\/\/www.gestionintegralurbanasc.es\/administrador-de-fincas-zaragoza\/author\/admin_giun0t1\/"}]}},"_links":{"self":[{"href":"https:\/\/www.gestionintegralurbanasc.es\/administrador-de-fincas-zaragoza\/wp-json\/wp\/v2\/posts\/191"}],"collection":[{"href":"https:\/\/www.gestionintegralurbanasc.es\/administrador-de-fincas-zaragoza\/wp-json\/wp\/v2\/posts"}],"about":[{"href":"https:\/\/www.gestionintegralurbanasc.es\/administrador-de-fincas-zaragoza\/wp-json\/wp\/v2\/types\/post"}],"author":[{"embeddable":true,"href":"https:\/\/www.gestionintegralurbanasc.es\/administrador-de-fincas-zaragoza\/wp-json\/wp\/v2\/users\/1"}],"replies":[{"embeddable":true,"href":"https:\/\/www.gestionintegralurbanasc.es\/administrador-de-fincas-zaragoza\/wp-json\/wp\/v2\/comments?post=191"}],"version-history":[{"count":1,"href":"https:\/\/www.gestionintegralurbanasc.es\/administrador-de-fincas-zaragoza\/wp-json\/wp\/v2\/posts\/191\/revisions"}],"predecessor-version":[{"id":193,"href":"https:\/\/www.gestionintegralurbanasc.es\/administrador-de-fincas-zaragoza\/wp-json\/wp\/v2\/posts\/191\/revisions\/193"}],"wp:featuredmedia":[{"embeddable":true,"href":"https:\/\/www.gestionintegralurbanasc.es\/administrador-de-fincas-zaragoza\/wp-json\/wp\/v2\/media\/192"}],"wp:attachment":[{"href":"https:\/\/www.gestionintegralurbanasc.es\/administrador-de-fincas-zaragoza\/wp-json\/wp\/v2\/media?parent=191"}],"wp:term":[{"taxonomy":"category","embeddable":true,"href":"https:\/\/www.gestionintegralurbanasc.es\/administrador-de-fincas-zaragoza\/wp-json\/wp\/v2\/categories?post=191"},{"taxonomy":"post_tag","embeddable":true,"href":"https:\/\/www.gestionintegralurbanasc.es\/administrador-de-fincas-zaragoza\/wp-json\/wp\/v2\/tags?post=191"}],"curies":[{"name":"wp","href":"https:\/\/api.w.org\/{rel}","templated":true}]}}