{"id":172,"date":"2025-04-03T09:49:15","date_gmt":"2025-04-03T09:49:15","guid":{"rendered":"https:\/\/www.gestionintegralurbanasc.es\/administrador-de-fincas-zaragoza\/?p=172"},"modified":"2025-05-02T09:55:34","modified_gmt":"2025-05-02T09:55:34","slug":"la-alianza-publico-privada-en-proyectos-urbanos","status":"publish","type":"post","link":"https:\/\/www.gestionintegralurbanasc.es\/administrador-de-fincas-zaragoza\/la-alianza-publico-privada-en-proyectos-urbanos\/","title":{"rendered":"La Alianza P\u00fablico-Privada en Proyectos Urbanos"},"content":{"rendered":"\n<p><strong>Acelerando la innovaci\u00f3n urbana mediante colaboraciones estrat\u00e9gicas<\/strong>.<\/p>\n\n\n\n<p>El 65% de las smart cities europeas usan modelos de APP. Analizamos c\u00f3mo estas alianzas est\u00e1n revolucionando la gesti\u00f3n urbana.<\/p>\n\n\n\n<p><strong>Ventajas de las APP en infraestructuras sostenibles:<\/strong><\/p>\n\n\n\n<ul>\n<li>Caso pr\u00e1ctico: Metro de M\u00e1laga (inversi\u00f3n de 1,200 millones \u20ac con participaci\u00f3n de FCC y CAF).<\/li>\n\n\n\n<li>Reducci\u00f3n de plazos de ejecuci\u00f3n en un 40% respecto a modelos tradicionales.<\/li>\n<\/ul>\n\n\n\n<p><strong>Dise\u00f1o de proyectos atractivos para inversores:<\/strong><\/p>\n\n\n\n<ul>\n<li>Modelos de financiaci\u00f3n:&nbsp;<em>Project Finance<\/em>&nbsp;vs.&nbsp;<em>Concesiones administrativas<\/em>.<\/li>\n\n\n\n<li>C\u00f3mo estructurar riesgos: Matriz de responsabilidades seg\u00fan Ley 9\/2017 de Contratos del Sector P\u00fablico.<\/li>\n<\/ul>\n\n\n\n<p><strong>Ejemplos pr\u00e1cticos:<\/strong><\/p>\n\n\n\n<ul>\n<li><strong>Movilidad el\u00e9ctrica:<\/strong>&nbsp;Electrolineras en Madrid financiadas con modelo \u00abpago por uso\u00bb.<\/li>\n\n\n\n<li><strong>Edificios inteligentes:<\/strong>&nbsp;Distrito @22 en Barcelona, desarrollado con inversi\u00f3n de Telef\u00f3nica y Cisco.<\/li>\n<\/ul>\n\n\n\n<p><strong>Claves para la transparencia:<\/strong><\/p>\n\n\n\n<ul>\n<li>Plataformas de monitorizaci\u00f3n ciudadana (ej:&nbsp;<em>Contrataci\u00f3n Abierta<\/em>&nbsp;del Ayuntamiento de Valencia).<\/li>\n\n\n\n<li>Nuestro servicio incluye asesor\u00eda legal para cumplir con la Directiva Europea 2014\/24\/UE.<\/li>\n<\/ul>\n","protected":false},"excerpt":{"rendered":"<p>Acelerando la innovaci\u00f3n urbana mediante colaboraciones estrat\u00e9gicas. El 65% de las smart cities europeas usan modelos de APP. Analizamos c\u00f3mo estas alianzas est\u00e1n revolucionando la gesti\u00f3n urbana. Ventajas de las APP en infraestructuras sostenibles: Dise\u00f1o de proyectos atractivos para inversores: Ejemplos pr\u00e1cticos: Claves para la transparencia:<\/p>\n","protected":false},"author":1,"featured_media":173,"comment_status":"open","ping_status":"open","sticky":false,"template":"","format":"standard","meta":[],"categories":[37],"tags":[],"yoast_head":"<!-- This site is optimized with the Yoast SEO plugin v19.13 - https:\/\/yoast.com\/wordpress\/plugins\/seo\/ -->\n<title>La Alianza P\u00fablico-Privada en Proyectos Urbanos - Administraci\u00f3n de Fincas y Comunidades de Vecinos Zaragoza<\/title>\n<meta name=\"robots\" content=\"index, follow, max-snippet:-1, max-image-preview:large, max-video-preview:-1\" \/>\n<link rel=\"canonical\" href=\"https:\/\/www.gestionintegralurbanasc.es\/administrador-de-fincas-zaragoza\/la-alianza-publico-privada-en-proyectos-urbanos\/\" \/>\n<meta property=\"og:locale\" content=\"es_ES\" \/>\n<meta property=\"og:type\" content=\"article\" \/>\n<meta property=\"og:title\" content=\"La Alianza P\u00fablico-Privada en Proyectos Urbanos - Administraci\u00f3n de Fincas y Comunidades de Vecinos Zaragoza\" \/>\n<meta property=\"og:description\" content=\"Acelerando la innovaci\u00f3n urbana mediante colaboraciones estrat\u00e9gicas. El 65% de las smart cities europeas usan modelos de APP. Analizamos c\u00f3mo estas alianzas est\u00e1n revolucionando la gesti\u00f3n urbana. Ventajas de las APP en infraestructuras sostenibles: Dise\u00f1o de proyectos atractivos para inversores: Ejemplos pr\u00e1cticos: Claves para la transparencia:\" \/>\n<meta property=\"og:url\" content=\"https:\/\/www.gestionintegralurbanasc.es\/administrador-de-fincas-zaragoza\/la-alianza-publico-privada-en-proyectos-urbanos\/\" \/>\n<meta property=\"og:site_name\" content=\"Administraci\u00f3n de Fincas y Comunidades de Vecinos Zaragoza\" \/>\n<meta property=\"article:published_time\" content=\"2025-04-03T09:49:15+00:00\" \/>\n<meta property=\"article:modified_time\" content=\"2025-05-02T09:55:34+00:00\" \/>\n<meta property=\"og:image\" content=\"https:\/\/www.gestionintegralurbanasc.es\/administrador-de-fincas-zaragoza\/wp-content\/uploads\/2025\/05\/2150169863.webp\" \/>\n\t<meta property=\"og:image:width\" content=\"2000\" \/>\n\t<meta property=\"og:image:height\" content=\"1274\" \/>\n\t<meta property=\"og:image:type\" content=\"image\/webp\" \/>\n<meta name=\"author\" content=\"Gesti\u00f3n Integral Urbana\" \/>\n<meta name=\"twitter:card\" content=\"summary_large_image\" \/>\n<meta name=\"twitter:label1\" content=\"Escrito por\" \/>\n\t<meta name=\"twitter:data1\" content=\"Gesti\u00f3n Integral Urbana\" \/>\n\t<meta name=\"twitter:label2\" content=\"Tiempo de lectura\" \/>\n\t<meta name=\"twitter:data2\" content=\"1 minuto\" \/>\n<script type=\"application\/ld+json\" class=\"yoast-schema-graph\">{\"@context\":\"https:\/\/schema.org\",\"@graph\":[{\"@type\":\"WebPage\",\"@id\":\"https:\/\/www.gestionintegralurbanasc.es\/administrador-de-fincas-zaragoza\/la-alianza-publico-privada-en-proyectos-urbanos\/\",\"url\":\"https:\/\/www.gestionintegralurbanasc.es\/administrador-de-fincas-zaragoza\/la-alianza-publico-privada-en-proyectos-urbanos\/\",\"name\":\"La Alianza P\u00fablico-Privada en Proyectos Urbanos - Administraci\u00f3n de Fincas y Comunidades de Vecinos Zaragoza\",\"isPartOf\":{\"@id\":\"https:\/\/www.gestionintegralurbanasc.es\/administrador-de-fincas-zaragoza\/#website\"},\"datePublished\":\"2025-04-03T09:49:15+00:00\",\"dateModified\":\"2025-05-02T09:55:34+00:00\",\"author\":{\"@id\":\"https:\/\/www.gestionintegralurbanasc.es\/administrador-de-fincas-zaragoza\/#\/schema\/person\/3611c6bbe9f67107f9ccd4ac73bb1642\"},\"breadcrumb\":{\"@id\":\"https:\/\/www.gestionintegralurbanasc.es\/administrador-de-fincas-zaragoza\/la-alianza-publico-privada-en-proyectos-urbanos\/#breadcrumb\"},\"inLanguage\":\"es\",\"potentialAction\":[{\"@type\":\"ReadAction\",\"target\":[\"https:\/\/www.gestionintegralurbanasc.es\/administrador-de-fincas-zaragoza\/la-alianza-publico-privada-en-proyectos-urbanos\/\"]}]},{\"@type\":\"BreadcrumbList\",\"@id\":\"https:\/\/www.gestionintegralurbanasc.es\/administrador-de-fincas-zaragoza\/la-alianza-publico-privada-en-proyectos-urbanos\/#breadcrumb\",\"itemListElement\":[{\"@type\":\"ListItem\",\"position\":1,\"name\":\"Portada\",\"item\":\"https:\/\/www.gestionintegralurbanasc.es\/administrador-de-fincas-zaragoza\/\"},{\"@type\":\"ListItem\",\"position\":2,\"name\":\"La Alianza P\u00fablico-Privada en Proyectos Urbanos\"}]},{\"@type\":\"WebSite\",\"@id\":\"https:\/\/www.gestionintegralurbanasc.es\/administrador-de-fincas-zaragoza\/#website\",\"url\":\"https:\/\/www.gestionintegralurbanasc.es\/administrador-de-fincas-zaragoza\/\",\"name\":\"Administraci\u00f3n de Fincas y Comunidades de Vecinos Zaragoza\",\"description\":\"Gesti\u00f3n Integral Urbana\",\"potentialAction\":[{\"@type\":\"SearchAction\",\"target\":{\"@type\":\"EntryPoint\",\"urlTemplate\":\"https:\/\/www.gestionintegralurbanasc.es\/administrador-de-fincas-zaragoza\/?s={search_term_string}\"},\"query-input\":\"required name=search_term_string\"}],\"inLanguage\":\"es\"},{\"@type\":\"Person\",\"@id\":\"https:\/\/www.gestionintegralurbanasc.es\/administrador-de-fincas-zaragoza\/#\/schema\/person\/3611c6bbe9f67107f9ccd4ac73bb1642\",\"name\":\"Gesti\u00f3n Integral Urbana\",\"image\":{\"@type\":\"ImageObject\",\"inLanguage\":\"es\",\"@id\":\"https:\/\/www.gestionintegralurbanasc.es\/administrador-de-fincas-zaragoza\/#\/schema\/person\/image\/\",\"url\":\"https:\/\/secure.gravatar.com\/avatar\/05edc7afcd3bf63fba62f0818cf72b15?s=96&d=mm&r=g\",\"contentUrl\":\"https:\/\/secure.gravatar.com\/avatar\/05edc7afcd3bf63fba62f0818cf72b15?s=96&d=mm&r=g\",\"caption\":\"Gesti\u00f3n Integral Urbana\"},\"url\":\"https:\/\/www.gestionintegralurbanasc.es\/administrador-de-fincas-zaragoza\/author\/admin_giun0t1\/\"}]}<\/script>\n<!-- \/ Yoast SEO plugin. -->","yoast_head_json":{"title":"La Alianza P\u00fablico-Privada en Proyectos Urbanos - Administraci\u00f3n de Fincas y Comunidades de Vecinos Zaragoza","robots":{"index":"index","follow":"follow","max-snippet":"max-snippet:-1","max-image-preview":"max-image-preview:large","max-video-preview":"max-video-preview:-1"},"canonical":"https:\/\/www.gestionintegralurbanasc.es\/administrador-de-fincas-zaragoza\/la-alianza-publico-privada-en-proyectos-urbanos\/","og_locale":"es_ES","og_type":"article","og_title":"La Alianza P\u00fablico-Privada en Proyectos Urbanos - Administraci\u00f3n de Fincas y Comunidades de Vecinos Zaragoza","og_description":"Acelerando la innovaci\u00f3n urbana mediante colaboraciones estrat\u00e9gicas. El 65% de las smart cities europeas usan modelos de APP. Analizamos c\u00f3mo estas alianzas est\u00e1n revolucionando la gesti\u00f3n urbana. Ventajas de las APP en infraestructuras sostenibles: Dise\u00f1o de proyectos atractivos para inversores: Ejemplos pr\u00e1cticos: Claves para la transparencia:","og_url":"https:\/\/www.gestionintegralurbanasc.es\/administrador-de-fincas-zaragoza\/la-alianza-publico-privada-en-proyectos-urbanos\/","og_site_name":"Administraci\u00f3n de Fincas y Comunidades de Vecinos Zaragoza","article_published_time":"2025-04-03T09:49:15+00:00","article_modified_time":"2025-05-02T09:55:34+00:00","og_image":[{"width":2000,"height":1274,"url":"https:\/\/www.gestionintegralurbanasc.es\/administrador-de-fincas-zaragoza\/wp-content\/uploads\/2025\/05\/2150169863.webp","type":"image\/webp"}],"author":"Gesti\u00f3n Integral Urbana","twitter_card":"summary_large_image","twitter_misc":{"Escrito por":"Gesti\u00f3n Integral Urbana","Tiempo de lectura":"1 minuto"},"schema":{"@context":"https:\/\/schema.org","@graph":[{"@type":"WebPage","@id":"https:\/\/www.gestionintegralurbanasc.es\/administrador-de-fincas-zaragoza\/la-alianza-publico-privada-en-proyectos-urbanos\/","url":"https:\/\/www.gestionintegralurbanasc.es\/administrador-de-fincas-zaragoza\/la-alianza-publico-privada-en-proyectos-urbanos\/","name":"La Alianza P\u00fablico-Privada en Proyectos Urbanos - Administraci\u00f3n de Fincas y Comunidades de Vecinos Zaragoza","isPartOf":{"@id":"https:\/\/www.gestionintegralurbanasc.es\/administrador-de-fincas-zaragoza\/#website"},"datePublished":"2025-04-03T09:49:15+00:00","dateModified":"2025-05-02T09:55:34+00:00","author":{"@id":"https:\/\/www.gestionintegralurbanasc.es\/administrador-de-fincas-zaragoza\/#\/schema\/person\/3611c6bbe9f67107f9ccd4ac73bb1642"},"breadcrumb":{"@id":"https:\/\/www.gestionintegralurbanasc.es\/administrador-de-fincas-zaragoza\/la-alianza-publico-privada-en-proyectos-urbanos\/#breadcrumb"},"inLanguage":"es","potentialAction":[{"@type":"ReadAction","target":["https:\/\/www.gestionintegralurbanasc.es\/administrador-de-fincas-zaragoza\/la-alianza-publico-privada-en-proyectos-urbanos\/"]}]},{"@type":"BreadcrumbList","@id":"https:\/\/www.gestionintegralurbanasc.es\/administrador-de-fincas-zaragoza\/la-alianza-publico-privada-en-proyectos-urbanos\/#breadcrumb","itemListElement":[{"@type":"ListItem","position":1,"name":"Portada","item":"https:\/\/www.gestionintegralurbanasc.es\/administrador-de-fincas-zaragoza\/"},{"@type":"ListItem","position":2,"name":"La Alianza P\u00fablico-Privada en Proyectos Urbanos"}]},{"@type":"WebSite","@id":"https:\/\/www.gestionintegralurbanasc.es\/administrador-de-fincas-zaragoza\/#website","url":"https:\/\/www.gestionintegralurbanasc.es\/administrador-de-fincas-zaragoza\/","name":"Administraci\u00f3n de Fincas y Comunidades de Vecinos Zaragoza","description":"Gesti\u00f3n Integral Urbana","potentialAction":[{"@type":"SearchAction","target":{"@type":"EntryPoint","urlTemplate":"https:\/\/www.gestionintegralurbanasc.es\/administrador-de-fincas-zaragoza\/?s={search_term_string}"},"query-input":"required name=search_term_string"}],"inLanguage":"es"},{"@type":"Person","@id":"https:\/\/www.gestionintegralurbanasc.es\/administrador-de-fincas-zaragoza\/#\/schema\/person\/3611c6bbe9f67107f9ccd4ac73bb1642","name":"Gesti\u00f3n Integral Urbana","image":{"@type":"ImageObject","inLanguage":"es","@id":"https:\/\/www.gestionintegralurbanasc.es\/administrador-de-fincas-zaragoza\/#\/schema\/person\/image\/","url":"https:\/\/secure.gravatar.com\/avatar\/05edc7afcd3bf63fba62f0818cf72b15?s=96&d=mm&r=g","contentUrl":"https:\/\/secure.gravatar.com\/avatar\/05edc7afcd3bf63fba62f0818cf72b15?s=96&d=mm&r=g","caption":"Gesti\u00f3n Integral Urbana"},"url":"https:\/\/www.gestionintegralurbanasc.es\/administrador-de-fincas-zaragoza\/author\/admin_giun0t1\/"}]}},"_links":{"self":[{"href":"https:\/\/www.gestionintegralurbanasc.es\/administrador-de-fincas-zaragoza\/wp-json\/wp\/v2\/posts\/172"}],"collection":[{"href":"https:\/\/www.gestionintegralurbanasc.es\/administrador-de-fincas-zaragoza\/wp-json\/wp\/v2\/posts"}],"about":[{"href":"https:\/\/www.gestionintegralurbanasc.es\/administrador-de-fincas-zaragoza\/wp-json\/wp\/v2\/types\/post"}],"author":[{"embeddable":true,"href":"https:\/\/www.gestionintegralurbanasc.es\/administrador-de-fincas-zaragoza\/wp-json\/wp\/v2\/users\/1"}],"replies":[{"embeddable":true,"href":"https:\/\/www.gestionintegralurbanasc.es\/administrador-de-fincas-zaragoza\/wp-json\/wp\/v2\/comments?post=172"}],"version-history":[{"count":1,"href":"https:\/\/www.gestionintegralurbanasc.es\/administrador-de-fincas-zaragoza\/wp-json\/wp\/v2\/posts\/172\/revisions"}],"predecessor-version":[{"id":174,"href":"https:\/\/www.gestionintegralurbanasc.es\/administrador-de-fincas-zaragoza\/wp-json\/wp\/v2\/posts\/172\/revisions\/174"}],"wp:featuredmedia":[{"embeddable":true,"href":"https:\/\/www.gestionintegralurbanasc.es\/administrador-de-fincas-zaragoza\/wp-json\/wp\/v2\/media\/173"}],"wp:attachment":[{"href":"https:\/\/www.gestionintegralurbanasc.es\/administrador-de-fincas-zaragoza\/wp-json\/wp\/v2\/media?parent=172"}],"wp:term":[{"taxonomy":"category","embeddable":true,"href":"https:\/\/www.gestionintegralurbanasc.es\/administrador-de-fincas-zaragoza\/wp-json\/wp\/v2\/categories?post=172"},{"taxonomy":"post_tag","embeddable":true,"href":"https:\/\/www.gestionintegralurbanasc.es\/administrador-de-fincas-zaragoza\/wp-json\/wp\/v2\/tags?post=172"}],"curies":[{"name":"wp","href":"https:\/\/api.w.org\/{rel}","templated":true}]}}